{"id":113,"date":"2017-04-13T18:14:28","date_gmt":"2017-04-13T16:14:28","guid":{"rendered":"https:\/\/www.carzig.net\/carzig\/?p=113"},"modified":"2017-04-19T15:32:23","modified_gmt":"2017-04-19T13:32:23","slug":"rotmilan-ueber-carzig","status":"publish","type":"post","link":"https:\/\/www.carzig.net\/carzig\/2017\/04\/13\/rotmilan-ueber-carzig\/","title":{"rendered":"Rotmilan \u00fcber Carzig"},"content":{"rendered":"<p>Der Rotmilan ist in gro\u00dfer Gefahr.<\/p>\n<p>Welt.de schreibt:\u00a0<strong>Energiewende t\u00f6tet Deutschlands heimliches Wappentier<br \/>\n<\/strong>&#8222;Die Greifvogelart Rotmilan nistet vor allem in Deutschland. Seit es immer mehr Windr\u00e4der gibt, ist sie vom Aussterben bedroht. Baden-W\u00fcrttemberg versucht das Dilemma mit enormem Aufwand zu l\u00f6sen&#8230;&#8220;<\/p>\n<p>Hier der ganze\u00a0<a href=\"https:\/\/goo.gl\/Rv78WE\" target=\"_blank\">Artikel auf Welt.de<\/a><\/p>\n<p>Der NABU schreibt:\u00a0<strong>Windkraft-Lobbyisten ignorieren den Artenschutz.\u00a0Studie zu Rotmilan und M\u00e4usebussard verharmlost Gefahren<br \/>\n<\/strong>&#8222;Ein naturvertr\u00e4glicher Ausbau der Windkraft ist nur m\u00f6glich, wenn denkbare Konflikte mit dem Vogelschutz bei der Planung von Windenergieanlagen analysiert und ber\u00fccksichtigt werden&#8230;&#8220;<\/p>\n<p>Der ganze Artikel auf der Seite des\u00a0<a href=\"https:\/\/goo.gl\/HhpfID\" target=\"_blank\">NABU<\/a><\/p>\n<p>Dieser Rotmilan kreist \u00fcber Carzig.<\/p>\n\n\t\t<style type=\"text\/css\">\n\t\t\t#gallery-1 {\n\t\t\t\tmargin: auto;\n\t\t\t}\n\t\t\t#gallery-1 .gallery-item {\n\t\t\t\tfloat: left;\n\t\t\t\tmargin-top: 10px;\n\t\t\t\ttext-align: center;\n\t\t\t\twidth: 33%;\n\t\t\t}\n\t\t\t#gallery-1 img {\n\t\t\t\tborder: 2px solid #cfcfcf;\n\t\t\t}\n\t\t\t#gallery-1 .gallery-caption {\n\t\t\t\tmargin-left: 0;\n\t\t\t}\n\t\t\t\/* see gallery_shortcode() in wp-includes\/media.php *\/\n\t\t<\/style>\n\t\t<div id='gallery-1' class='gallery galleryid-165 gallery-columns-3 gallery-size-custom'><dl class='gallery-item'>\n\t\t\t<dt class='gallery-icon landscape'>\n\t\t\t\t<a data-description='' title='rotmilan-003' href='https:\/\/www.carzig.net\/carzig\/wp-content\/uploads\/2017\/04\/rotmilan-003.jpg'><img loading=\"lazy\" decoding=\"async\" width=\"225\" height=\"150\" src=\"https:\/\/www.carzig.net\/carzig\/wp-content\/uploads\/2017\/04\/rotmilan-003-225x150.jpg\" class=\"attachment-custom size-custom\" alt=\"\" srcset=\"https:\/\/www.carzig.net\/carzig\/wp-content\/uploads\/2017\/04\/rotmilan-003-225x150.jpg 225w, https:\/\/www.carzig.net\/carzig\/wp-content\/uploads\/2017\/04\/rotmilan-003-300x200.jpg 300w, https:\/\/www.carzig.net\/carzig\/wp-content\/uploads\/2017\/04\/rotmilan-003-768x512.jpg 768w, https:\/\/www.carzig.net\/carzig\/wp-content\/uploads\/2017\/04\/rotmilan-003-150x100.jpg 150w, https:\/\/www.carzig.net\/carzig\/wp-content\/uploads\/2017\/04\/rotmilan-003.jpg 800w\" sizes=\"auto, (max-width: 225px) 100vw, 225px\" \/><\/a>\n\t\t\t<\/dt><\/dl><dl class='gallery-item'>\n\t\t\t<dt class='gallery-icon landscape'>\n\t\t\t\t<a data-description='' title='rotmilan-001' href='https:\/\/www.carzig.net\/carzig\/wp-content\/uploads\/2017\/04\/rotmilan-001.jpg'><img loading=\"lazy\" decoding=\"async\" width=\"225\" height=\"150\" src=\"https:\/\/www.carzig.net\/carzig\/wp-content\/uploads\/2017\/04\/rotmilan-001-225x150.jpg\" class=\"attachment-custom size-custom\" alt=\"\" srcset=\"https:\/\/www.carzig.net\/carzig\/wp-content\/uploads\/2017\/04\/rotmilan-001-225x150.jpg 225w, https:\/\/www.carzig.net\/carzig\/wp-content\/uploads\/2017\/04\/rotmilan-001-300x200.jpg 300w, https:\/\/www.carzig.net\/carzig\/wp-content\/uploads\/2017\/04\/rotmilan-001-768x512.jpg 768w, https:\/\/www.carzig.net\/carzig\/wp-content\/uploads\/2017\/04\/rotmilan-001-150x100.jpg 150w, https:\/\/www.carzig.net\/carzig\/wp-content\/uploads\/2017\/04\/rotmilan-001.jpg 800w\" sizes=\"auto, (max-width: 225px) 100vw, 225px\" \/><\/a>\n\t\t\t<\/dt><\/dl><dl class='gallery-item'>\n\t\t\t<dt class='gallery-icon landscape'>\n\t\t\t\t<a data-description='' title='rotmilan-002' href='https:\/\/www.carzig.net\/carzig\/wp-content\/uploads\/2017\/04\/rotmilan-002.jpg'><img loading=\"lazy\" decoding=\"async\" width=\"225\" height=\"150\" src=\"https:\/\/www.carzig.net\/carzig\/wp-content\/uploads\/2017\/04\/rotmilan-002-225x150.jpg\" class=\"attachment-custom size-custom\" alt=\"\" srcset=\"https:\/\/www.carzig.net\/carzig\/wp-content\/uploads\/2017\/04\/rotmilan-002-225x150.jpg 225w, https:\/\/www.carzig.net\/carzig\/wp-content\/uploads\/2017\/04\/rotmilan-002-300x200.jpg 300w, https:\/\/www.carzig.net\/carzig\/wp-content\/uploads\/2017\/04\/rotmilan-002-768x512.jpg 768w, https:\/\/www.carzig.net\/carzig\/wp-content\/uploads\/2017\/04\/rotmilan-002-150x100.jpg 150w, https:\/\/www.carzig.net\/carzig\/wp-content\/uploads\/2017\/04\/rotmilan-002.jpg 800w\" sizes=\"auto, (max-width: 225px) 100vw, 225px\" \/><\/a>\n\t\t\t<\/dt><\/dl><br style=\"clear: both\" \/>\n\t\t<\/div>\n\n<p>Fotos \u00a9 Edwin Feldt<\/p>\n","protected":false},"excerpt":{"rendered":"<p>Der Rotmilan ist in gro\u00dfer Gefahr. Welt.de schreibt:\u00a0Energiewende t\u00f6tet Deutschlands heimliches Wappentier &#8222;Die Greifvogelart Rotmilan nistet vor allem in Deutschland. Seit es immer mehr Windr\u00e4der gibt, ist sie vom Aussterben bedroht. Baden-W\u00fcrttemberg versucht das Dilemma mit enormem Aufwand zu l\u00f6sen&#8230;&#8220; Hier der ganze\u00a0Artikel auf Welt.de Der NABU schreibt:\u00a0Windkraft-Lobbyisten ignorieren den\u2026<\/p>\n<p> <a class=\"continue-reading-link\" href=\"https:\/\/www.carzig.net\/carzig\/2017\/04\/13\/rotmilan-ueber-carzig\/\"><span>mehr lesen<\/span><i class=\"crycon-right-dir\"><\/i><\/a> <\/p>\n","protected":false},"author":1,"featured_media":114,"comment_status":"closed","ping_status":"closed","sticky":false,"template":"","format":"standard","meta":{"xn-wppe-expiration":[],"xn-wppe-expiration-action":[],"xn-wppe-expiration-prefix":[],"footnotes":""},"categories":[2,27],"tags":[15,17,16,18],"class_list":["post-113","post","type-post","status-publish","format-standard","has-post-thumbnail","hentry","category-artikel","category-natur","tag-carzig","tag-landschaftsschutzgebiete","tag-lsg","tag-rotmilan","gallery-content-unit"],"_links":{"self":[{"href":"https:\/\/www.carzig.net\/carzig\/wp-json\/wp\/v2\/posts\/113","targetHints":{"allow":["GET"]}}],"collection":[{"href":"https:\/\/www.carzig.net\/carzig\/wp-json\/wp\/v2\/posts"}],"about":[{"href":"https:\/\/www.carzig.net\/carzig\/wp-json\/wp\/v2\/types\/post"}],"author":[{"embeddable":true,"href":"https:\/\/www.carzig.net\/carzig\/wp-json\/wp\/v2\/users\/1"}],"replies":[{"embeddable":true,"href":"https:\/\/www.carzig.net\/carzig\/wp-json\/wp\/v2\/comments?post=113"}],"version-history":[{"count":10,"href":"https:\/\/www.carzig.net\/carzig\/wp-json\/wp\/v2\/posts\/113\/revisions"}],"predecessor-version":[{"id":171,"href":"https:\/\/www.carzig.net\/carzig\/wp-json\/wp\/v2\/posts\/113\/revisions\/171"}],"wp:featuredmedia":[{"embeddable":true,"href":"https:\/\/www.carzig.net\/carzig\/wp-json\/wp\/v2\/media\/114"}],"wp:attachment":[{"href":"https:\/\/www.carzig.net\/carzig\/wp-json\/wp\/v2\/media?parent=113"}],"wp:term":[{"taxonomy":"category","embeddable":true,"href":"https:\/\/www.carzig.net\/carzig\/wp-json\/wp\/v2\/categories?post=113"},{"taxonomy":"post_tag","embeddable":true,"href":"https:\/\/www.carzig.net\/carzig\/wp-json\/wp\/v2\/tags?post=113"}],"curies":[{"name":"wp","href":"https:\/\/api.w.org\/{rel}","templated":true}]}}