{"id":145,"date":"2017-04-15T21:02:05","date_gmt":"2017-04-15T19:02:05","guid":{"rendered":"https:\/\/www.carzig.net\/carzig\/?p=145"},"modified":"2017-04-19T15:40:50","modified_gmt":"2017-04-19T13:40:50","slug":"moz-13-4-2017-oderbruch-gilt-nicht-als-hochwertig","status":"publish","type":"post","link":"https:\/\/www.carzig.net\/carzig\/2017\/04\/15\/moz-13-4-2017-oderbruch-gilt-nicht-als-hochwertig\/","title":{"rendered":"(MOZ 13.4.2017) Oderbruch gilt nicht als hochwertig"},"content":{"rendered":"<p>Das ist echt die Kr\u00f6nung. Wo leben wir denn eigentlich??? Da will man bei uns mehr als die eh schon zu vielen 2% Windkraftanlagen bauen um andere Landesteile zu &#8222;entlasten&#8220;? Ist es verst\u00e4ndlich wenn der B\u00fcrger sich veralbert vorkommt? Sind wir aufs Land gezogen um in der N\u00e4he von Wald und Wiese zu leben? Ja, sind wir. Weil wir Ruhe und Natur suchten. Jetzt sollen wir in einem Wald aus Windr\u00e4dern wohnen. Unsere Landschaftsschutzgebierte werden einfach aufgehoben um dort &#8230;. genau: Windr\u00e4der zu bauen. Unsere Gr\u00fcndst\u00fccke werden immer weiter abgewertet. Aber die Politik interessiert das nicht, die haben ja genug!!! Hat denn der B\u00fcrger in Deutschland garnichts mehr zu sagen? Ist das Demokratie?<br \/>\nWir\u00a0denken NEIN und WIR\u00a0habe die Schnauze voll. So geht das nicht. Wir werden alles tun um das zu verhindern. (15.4.2017, Th.Hopf)<\/p>\n<p>Hier wieder ein Artikel aus der MOZ:<\/p>\n<p>Podelzig (MOZ) Die Mitglieder des Bauausschusses der Gemeinde hatten in ihrer Beratung am Dienstagabend Besucher aus umliegenden Orten. Die waren gekommen, um von Regionalplaner Till Felden zu erfahren, welche Chancen es noch f\u00fcr eine Gegenwehr gegen die vorliegende Windpark-Planung f\u00fcr die Region gibt.<\/p>\n<p><a href=\"http:\/\/www.moz.de\/artikel-ansicht\/dg\/0\/1\/1566563\" target=\"_blank\">Der ganze Artikel.<\/a><\/p>\n","protected":false},"excerpt":{"rendered":"<p>Das ist echt die Kr\u00f6nung. Wo leben wir denn eigentlich??? Da will man bei uns mehr als die eh schon zu vielen 2% Windkraftanlagen bauen um andere Landesteile zu &#8222;entlasten&#8220;? Ist es verst\u00e4ndlich wenn der B\u00fcrger sich veralbert vorkommt? Sind wir aufs Land gezogen um in der N\u00e4he von Wald\u2026<\/p>\n<p> <a class=\"continue-reading-link\" href=\"https:\/\/www.carzig.net\/carzig\/2017\/04\/15\/moz-13-4-2017-oderbruch-gilt-nicht-als-hochwertig\/\"><span>mehr lesen<\/span><i class=\"crycon-right-dir\"><\/i><\/a> <\/p>\n","protected":false},"author":1,"featured_media":0,"comment_status":"closed","ping_status":"closed","sticky":false,"template":"","format":"standard","meta":{"xn-wppe-expiration":[],"xn-wppe-expiration-action":[],"xn-wppe-expiration-prefix":[],"footnotes":""},"categories":[2],"tags":[31,17,21,30],"class_list":["post-145","post","type-post","status-publish","format-standard","hentry","category-artikel","tag-buergerinitiative-carzig","tag-landschaftsschutzgebiete","tag-moz","tag-wir-haben-die-schnauze-voll","gallery-content-unit"],"_links":{"self":[{"href":"https:\/\/www.carzig.net\/carzig\/wp-json\/wp\/v2\/posts\/145","targetHints":{"allow":["GET"]}}],"collection":[{"href":"https:\/\/www.carzig.net\/carzig\/wp-json\/wp\/v2\/posts"}],"about":[{"href":"https:\/\/www.carzig.net\/carzig\/wp-json\/wp\/v2\/types\/post"}],"author":[{"embeddable":true,"href":"https:\/\/www.carzig.net\/carzig\/wp-json\/wp\/v2\/users\/1"}],"replies":[{"embeddable":true,"href":"https:\/\/www.carzig.net\/carzig\/wp-json\/wp\/v2\/comments?post=145"}],"version-history":[{"count":3,"href":"https:\/\/www.carzig.net\/carzig\/wp-json\/wp\/v2\/posts\/145\/revisions"}],"predecessor-version":[{"id":173,"href":"https:\/\/www.carzig.net\/carzig\/wp-json\/wp\/v2\/posts\/145\/revisions\/173"}],"wp:attachment":[{"href":"https:\/\/www.carzig.net\/carzig\/wp-json\/wp\/v2\/media?parent=145"}],"wp:term":[{"taxonomy":"category","embeddable":true,"href":"https:\/\/www.carzig.net\/carzig\/wp-json\/wp\/v2\/categories?post=145"},{"taxonomy":"post_tag","embeddable":true,"href":"https:\/\/www.carzig.net\/carzig\/wp-json\/wp\/v2\/tags?post=145"}],"curies":[{"name":"wp","href":"https:\/\/api.w.org\/{rel}","templated":true}]}}