{"id":175,"date":"2017-04-20T08:48:33","date_gmt":"2017-04-20T06:48:33","guid":{"rendered":"https:\/\/www.carzig.net\/carzig\/?p=175"},"modified":"2017-04-20T08:55:02","modified_gmt":"2017-04-20T06:55:02","slug":"moz-19-4-2017-dolgeliner-organisieren-widerstand","status":"publish","type":"post","link":"https:\/\/www.carzig.net\/carzig\/2017\/04\/20\/moz-19-4-2017-dolgeliner-organisieren-widerstand\/","title":{"rendered":"(MOZ 19.4.2017) Dolgeliner organisieren Widerstand"},"content":{"rendered":"<div class=\"subHeader\">\n<p id=\"278_0\" class=\"Text\">Lindendorf\/Dolgelin (MOZ) Wie im benachbarten Carzig formiert sich jetzt auch in Lindendorf Widerstand gegen die neue regionale Windparkplanung. Denn vom ausgewiesenen Windeignungsgebiet Friedersdorf-West w\u00e4ren vor allem die Dolgeliner betroffen. Am Sonntag soll es ein Treffen der Windparkgegner geben.<\/p>\n<\/div>\n<div class=\"textDefaultOuter\">\n<p id=\"449_1\" class=\"Text\">Matthias Nagler erlebt derzeit eine Art D\u00e9j\u00e0-vu: Der Dolgeliner hat zwischen 2003 und 2005 schon einmal gegen den Bau von Windr\u00e4dern vor seiner Haust\u00fcr, an der B167 zwischen Dolgelin und Libbenichen gek\u00e4mpft. Zwar wurden letztlich nicht so viele gebaut, wie geplant. Doch eine der &#8222;M\u00fchlen&#8220; steht nur rund 500 Meter von Naglers Haus entfernt. Die Familie ist Belastungen durch L\u00e4rm und Schattenwurf ausgesetzt. Und nun droht weiteres Ungemach.<\/p>\n<\/div>\n<p><a href=\"http:\/\/www.moz.de\/artikel-ansicht\/dg\/0\/1\/1567861\" target=\"_blank\">Hier der ganze Artikel auf moz.de<\/a><\/p>\n<p>Siehe auch <a href=\"https:\/\/www.carzig.net\/carzig\/event\/buergertreff-in-dolgelin-weg-39\/\">Termin zu Infoveranstaltung in Dolgelin<\/a><\/p>\n","protected":false},"excerpt":{"rendered":"<p>Lindendorf\/Dolgelin (MOZ) Wie im benachbarten Carzig formiert sich jetzt auch in Lindendorf Widerstand gegen die neue regionale Windparkplanung. Denn vom ausgewiesenen Windeignungsgebiet Friedersdorf-West w\u00e4ren vor allem die Dolgeliner betroffen. Am Sonntag soll es ein Treffen der Windparkgegner geben. Matthias Nagler erlebt derzeit eine Art D\u00e9j\u00e0-vu: Der Dolgeliner hat zwischen 2003\u2026<\/p>\n<p> <a class=\"continue-reading-link\" href=\"https:\/\/www.carzig.net\/carzig\/2017\/04\/20\/moz-19-4-2017-dolgeliner-organisieren-widerstand\/\"><span>mehr lesen<\/span><i class=\"crycon-right-dir\"><\/i><\/a> <\/p>\n","protected":false},"author":1,"featured_media":0,"comment_status":"closed","ping_status":"closed","sticky":false,"template":"","format":"standard","meta":{"xn-wppe-expiration":[],"xn-wppe-expiration-action":[],"xn-wppe-expiration-prefix":[],"footnotes":""},"categories":[2],"tags":[],"class_list":["post-175","post","type-post","status-publish","format-standard","hentry","category-artikel","gallery-content-unit"],"_links":{"self":[{"href":"https:\/\/www.carzig.net\/carzig\/wp-json\/wp\/v2\/posts\/175","targetHints":{"allow":["GET"]}}],"collection":[{"href":"https:\/\/www.carzig.net\/carzig\/wp-json\/wp\/v2\/posts"}],"about":[{"href":"https:\/\/www.carzig.net\/carzig\/wp-json\/wp\/v2\/types\/post"}],"author":[{"embeddable":true,"href":"https:\/\/www.carzig.net\/carzig\/wp-json\/wp\/v2\/users\/1"}],"replies":[{"embeddable":true,"href":"https:\/\/www.carzig.net\/carzig\/wp-json\/wp\/v2\/comments?post=175"}],"version-history":[{"count":4,"href":"https:\/\/www.carzig.net\/carzig\/wp-json\/wp\/v2\/posts\/175\/revisions"}],"predecessor-version":[{"id":179,"href":"https:\/\/www.carzig.net\/carzig\/wp-json\/wp\/v2\/posts\/175\/revisions\/179"}],"wp:attachment":[{"href":"https:\/\/www.carzig.net\/carzig\/wp-json\/wp\/v2\/media?parent=175"}],"wp:term":[{"taxonomy":"category","embeddable":true,"href":"https:\/\/www.carzig.net\/carzig\/wp-json\/wp\/v2\/categories?post=175"},{"taxonomy":"post_tag","embeddable":true,"href":"https:\/\/www.carzig.net\/carzig\/wp-json\/wp\/v2\/tags?post=175"}],"curies":[{"name":"wp","href":"https:\/\/api.w.org\/{rel}","templated":true}]}}