{"id":200,"date":"2017-04-23T20:58:11","date_gmt":"2017-04-23T18:58:11","guid":{"rendered":"https:\/\/www.carzig.net\/carzig\/?p=200"},"modified":"2017-04-23T20:58:11","modified_gmt":"2017-04-23T18:58:11","slug":"wer-legt-die-regionalen-kriterien-fest","status":"publish","type":"post","link":"https:\/\/www.carzig.net\/carzig\/2017\/04\/23\/wer-legt-die-regionalen-kriterien-fest\/","title":{"rendered":"Wer legt die regionalen Kriterien fest?"},"content":{"rendered":"<p>Heute in der Dolgeliner Info-Veranstaltung haben wir gelernt, wer eigentlich die Kriterien festlegt, die von der Regionalen Planungsgemeinschaft &#8222;Restriktionskriterien&#8220; genannt werden. Es sind die sog. \u00a0Regionlar\u00e4te, das hei\u00dft gew\u00e4hlte Politikerinnen und Politiker aus unserem Landkreis, aus dem Landkreis Oder- Spree und aus Frankfurt (Oder).\u00a0Sie haben die Festlegungen getroffen, nach denen zwischen 800 und 1000 Metern Abstand zu Wohnh\u00e4usern ausreichend sind (aber nicht mal eingehalten werden, siehe Grundst\u00fcck Nagler in Dolgelin (510m))&#8230;nach denen eine Umschlie\u00dfung \u00fcber 180 Grad nicht erlaubt ist&#8230;und es sind auch diejenigen, die ganz andere Kriterien h\u00e4tten beschlie\u00dfen k\u00f6nnen.<\/p>\n<p>Sie wollen wir einladen und ansprechen, ihnen m\u00fcssen die Folgen ihrer Entscheidungen vorgetragen und unsere Forderungen \u00fcberbracht werden:<\/p>\n<ul>\n<li>&#8211; kein Repowering bestehender R\u00e4der<\/li>\n<li>neue R\u00e4der m\u00fcssen 10 mal so weit weg stehen von Wohnh\u00e4usern wie sie H\u00f6he haben ( sog. 10-h- Regel)<\/li>\n<li>keine Umschlie\u00dfung der Ortslagen in 5 km Entfernung im Radius von 180 Grad.<\/li>\n<\/ul>\n<p>Und das sind die Regionalr\u00e4te in MOL:<br \/>\nRegionalr\u00e4te der Regionalen Planungsgemeinschaft Oderland-Spree<\/p>\n<table border=\"1\" cellspacing=\"5\" cellpadding=\"0\">\n<tbody>\n<tr>\n<td><\/td>\n<td>\n<div align=\"center\"><u>Regionalrat\/in<\/u><\/div>\n<\/td>\n<td>\n<div align=\"center\"><u>Stellvertreter<\/u><\/div>\n<\/td>\n<\/tr>\n<tr>\n<td>\n<div align=\"center\">DIE LINKE<\/div>\n<\/td>\n<td>\n<div align=\"center\">\u00a0Wolfgang Heinze<\/div>\n<\/td>\n<td>\n<div align=\"center\">\u00a0Uwe Salzwedel<\/div>\n<\/td>\n<\/tr>\n<tr>\n<td>\n<div align=\"center\">DIE LINKE<\/div>\n<\/td>\n<td>\n<div align=\"center\">\u00a0Klaus Otto<\/div>\n<\/td>\n<td>\n<div align=\"center\">\u00a0Bernd Sachse<\/div>\n<\/td>\n<\/tr>\n<tr>\n<td>\n<div align=\"center\">DIE LINKE<\/div>\n<\/td>\n<td>\n<div align=\"center\">\u00a0Dr. Dietmar Barkusky<\/div>\n<\/td>\n<td>\n<div align=\"center\">\u00a0J\u00f6rg Grundmann<\/div>\n<\/td>\n<\/tr>\n<tr>\n<td>\n<div align=\"center\">SPD<\/div>\n<\/td>\n<td>\n<div align=\"center\">\u00a0Dr. Rita Nachtigall<\/div>\n<\/td>\n<td>\n<div align=\"center\">\u00a0Hans-J\u00fcrgen Hitzges<\/div>\n<\/td>\n<\/tr>\n<tr>\n<td>\n<div align=\"center\">SPD<\/div>\n<\/td>\n<td>\n<div align=\"center\">\u00a0Margot Franke<\/div>\n<\/td>\n<td>\n<div align=\"center\">\u00a0Michael Gl\u00e4ser<\/div>\n<\/td>\n<\/tr>\n<tr>\n<td>\n<div align=\"center\">CDU<\/div>\n<\/td>\n<td>\n<div align=\"center\">\u00a0Uwe Ziebold<\/div>\n<\/td>\n<td>\n<div align=\"center\">\u00a0Martin Jaeschke<\/div>\n<\/td>\n<\/tr>\n<tr>\n<td>\n<div align=\"center\">CDU<\/div>\n<\/td>\n<td>\n<div align=\"center\">\u00a0Klaus Ahrens<\/div>\n<\/td>\n<td>\n<div align=\"center\"><\/div>\n<\/td>\n<\/tr>\n<tr>\n<td>\n<div align=\"center\">BV<\/div>\n<\/td>\n<td>\n<div align=\"center\">\u00a0Ines Sennewald<\/div>\n<\/td>\n<td>\n<div align=\"center\">\u00a0Henrik Wendorff<\/div>\n<\/td>\n<\/tr>\n<tr>\n<td>\n<div align=\"center\">Gr\u00fcne\/B90 &#8211;\u00a0Pro Zukunft<\/div>\n<\/td>\n<td>\n<div align=\"center\">\u00a0Georg Stockburger<\/div>\n<\/td>\n<td>\n<div align=\"center\">\u00a0Michael Jungclaus<\/div>\n<\/td>\n<\/tr>\n<tr>\n<td>\n<div align=\"center\">AfD\/Freiheit, Arbeit, Werte<\/div>\n<\/td>\n<td>\n<div align=\"center\">\u00a0Detlev Frye<\/div>\n<\/td>\n<td>\n<div align=\"center\">\u00a0Rainer Schulz<\/div>\n<\/td>\n<\/tr>\n<\/tbody>\n<\/table>\n<p>Sollte jemand der genannten Personen dies lesen, und den Mumm\u00a0haben sich mit uns in Verbindung zu setzen, m\u00f6ge er sich melden und wir finden einen Termin!<\/p>\n","protected":false},"excerpt":{"rendered":"<p>Heute in der Dolgeliner Info-Veranstaltung haben wir gelernt, wer eigentlich die Kriterien festlegt, die von der Regionalen Planungsgemeinschaft &#8222;Restriktionskriterien&#8220; genannt werden. Es sind die sog. \u00a0Regionlar\u00e4te, das hei\u00dft gew\u00e4hlte Politikerinnen und Politiker aus unserem Landkreis, aus dem Landkreis Oder- Spree und aus Frankfurt (Oder).\u00a0Sie haben die Festlegungen getroffen, nach denen\u2026<\/p>\n<p> <a class=\"continue-reading-link\" href=\"https:\/\/www.carzig.net\/carzig\/2017\/04\/23\/wer-legt-die-regionalen-kriterien-fest\/\"><span>mehr lesen<\/span><i class=\"crycon-right-dir\"><\/i><\/a> <\/p>\n","protected":false},"author":1,"featured_media":0,"comment_status":"closed","ping_status":"closed","sticky":false,"template":"","format":"standard","meta":{"xn-wppe-expiration":[],"xn-wppe-expiration-action":[],"xn-wppe-expiration-prefix":[],"footnotes":""},"categories":[1,2],"tags":[31,8,10,32,23,20,28],"class_list":["post-200","post","type-post","status-publish","format-standard","hentry","category-allgemein","category-artikel","tag-buergerinitiative-carzig","tag-forderung","tag-politik","tag-regionalraete","tag-umzingelung","tag-widerspruch","tag-windpark","gallery-content-unit"],"_links":{"self":[{"href":"https:\/\/www.carzig.net\/carzig\/wp-json\/wp\/v2\/posts\/200","targetHints":{"allow":["GET"]}}],"collection":[{"href":"https:\/\/www.carzig.net\/carzig\/wp-json\/wp\/v2\/posts"}],"about":[{"href":"https:\/\/www.carzig.net\/carzig\/wp-json\/wp\/v2\/types\/post"}],"author":[{"embeddable":true,"href":"https:\/\/www.carzig.net\/carzig\/wp-json\/wp\/v2\/users\/1"}],"replies":[{"embeddable":true,"href":"https:\/\/www.carzig.net\/carzig\/wp-json\/wp\/v2\/comments?post=200"}],"version-history":[{"count":1,"href":"https:\/\/www.carzig.net\/carzig\/wp-json\/wp\/v2\/posts\/200\/revisions"}],"predecessor-version":[{"id":201,"href":"https:\/\/www.carzig.net\/carzig\/wp-json\/wp\/v2\/posts\/200\/revisions\/201"}],"wp:attachment":[{"href":"https:\/\/www.carzig.net\/carzig\/wp-json\/wp\/v2\/media?parent=200"}],"wp:term":[{"taxonomy":"category","embeddable":true,"href":"https:\/\/www.carzig.net\/carzig\/wp-json\/wp\/v2\/categories?post=200"},{"taxonomy":"post_tag","embeddable":true,"href":"https:\/\/www.carzig.net\/carzig\/wp-json\/wp\/v2\/tags?post=200"}],"curies":[{"name":"wp","href":"https:\/\/api.w.org\/{rel}","templated":true}]}}