{"id":321,"date":"2017-06-02T18:30:43","date_gmt":"2017-06-02T16:30:43","guid":{"rendered":"https:\/\/www.carzig.net\/carzig\/?p=321"},"modified":"2017-06-02T18:30:43","modified_gmt":"2017-06-02T16:30:43","slug":"muencheberger-stadtverordnetenversammlung-nimmt-stellung-zum-3-entwurf-teilplan","status":"publish","type":"post","link":"https:\/\/www.carzig.net\/carzig\/2017\/06\/02\/muencheberger-stadtverordnetenversammlung-nimmt-stellung-zum-3-entwurf-teilplan\/","title":{"rendered":"M\u00fcncheberger Stadtverordnetenversammlung nimmt Stellung zum 3. Entwurf Teilplan"},"content":{"rendered":"<p>Die Stadtverordneten von M\u00fcncheberg haben heute drei WEGs diskutiert. Es lagen ihnen Verwaltungsvorschl\u00e4ge vor, welche zwei WEG ablehnten und eines bef\u00fcrwortete (WEG 51 im Wald bei Hoppegarten). Die Einwohnerfragestunde war lang, denn viele der rd. 50 G\u00e4ste nutzten sie. Mehrere der Fragen konnte die B\u00fcrgermeisterin, Frau Barkusky nicht beantworten. Beispielsweise, wieso die Verwaltung den Stadtwald, in dem sie WEAs aufstellen lassen will, als Kr\u00fcppel- Kiefer- Bruch bezeichnet. W\u00e4hrend ein von der Stadt 2016 in Auftrag gegebenes Gutachten auf fast durchg\u00e4ngigen Bewuchs mit 60- 80 jahre alten Kiefern verweist. Oder warum die Stellungnahme der BI Hoppegarten und die Ablehnung\u00a0durch den\u00a0Ortsbeirates nicht gew\u00fcrdigt wird&#8230;.<\/p>\n<p>Die drei WEGs wurden einzeln agbgestimmt. Und es ist der BI Hoppegarten gelungen, sich mit den Argumenten gegen Windr\u00e4der im Wald durchzudringen. 7 Stimmen waren daf\u00fcr, 1 Enthaltung, 10 dagegen. Herzlichen Gl\u00fcckwunsch an die Mitstreiterinnen und Mitstreiter aus Hoppegarten. Wir sind gespannt, wie die Stadt M\u00fcncheberg in der K\u00fcrze der Zeit noch schnell eine fundierte Begr\u00fcndung f\u00fcr die Ablehnung schaffen will. Sie wird wohl auf das Engagement der BI zur\u00fcckgreifen m\u00fcssen&#8230;<\/p>\n<p>Auch gespannt sein darf man, wie ernst das Votum der Stadt von der Regionalen Planungsgemeinschaft genommen wird. Aber vor der Frage stehen ja alle, die es geschafft haben ihre Gemeindevertreter, Amtsgemeinden und Stadtverordneten hinter sich zu bringen.<\/p>\n<p>&nbsp;<\/p>\n<p>Hier noch ein paar Eindr\u00fccke von der Veranstaltung.<\/p>\n<p><a href=\"https:\/\/www.carzig.net\/carzig\/wp-content\/uploads\/2017\/06\/20170601_173740_resized.jpg\"><img loading=\"lazy\" decoding=\"async\" class=\"alignnone size-thumbnail wp-image-322\" src=\"https:\/\/www.carzig.net\/carzig\/wp-content\/uploads\/2017\/06\/20170601_173740_resized-150x150.jpg\" alt=\"\" width=\"150\" height=\"150\" srcset=\"https:\/\/www.carzig.net\/carzig\/wp-content\/uploads\/2017\/06\/20170601_173740_resized-150x150.jpg 150w, https:\/\/www.carzig.net\/carzig\/wp-content\/uploads\/2017\/06\/20170601_173740_resized-300x300.jpg 300w, https:\/\/www.carzig.net\/carzig\/wp-content\/uploads\/2017\/06\/20170601_173740_resized-768x768.jpg 768w, https:\/\/www.carzig.net\/carzig\/wp-content\/uploads\/2017\/06\/20170601_173740_resized-1024x1024.jpg 1024w, https:\/\/www.carzig.net\/carzig\/wp-content\/uploads\/2017\/06\/20170601_173740_resized.jpg 1548w\" sizes=\"auto, (max-width: 150px) 100vw, 150px\" \/><\/a> <a href=\"https:\/\/www.carzig.net\/carzig\/wp-content\/uploads\/2017\/06\/20170601_175920_resized.jpg\"><img loading=\"lazy\" decoding=\"async\" class=\"alignnone size-thumbnail wp-image-323\" src=\"https:\/\/www.carzig.net\/carzig\/wp-content\/uploads\/2017\/06\/20170601_175920_resized-150x150.jpg\" alt=\"\" width=\"150\" height=\"150\" srcset=\"https:\/\/www.carzig.net\/carzig\/wp-content\/uploads\/2017\/06\/20170601_175920_resized-150x150.jpg 150w, https:\/\/www.carzig.net\/carzig\/wp-content\/uploads\/2017\/06\/20170601_175920_resized-300x300.jpg 300w, https:\/\/www.carzig.net\/carzig\/wp-content\/uploads\/2017\/06\/20170601_175920_resized-768x768.jpg 768w, https:\/\/www.carzig.net\/carzig\/wp-content\/uploads\/2017\/06\/20170601_175920_resized-1024x1024.jpg 1024w, https:\/\/www.carzig.net\/carzig\/wp-content\/uploads\/2017\/06\/20170601_175920_resized.jpg 1548w\" sizes=\"auto, (max-width: 150px) 100vw, 150px\" \/><\/a> <a href=\"https:\/\/www.carzig.net\/carzig\/wp-content\/uploads\/2017\/06\/20170601_Stadtverordnetensitzung-M\u00fcncheberg.jpg\"><img loading=\"lazy\" decoding=\"async\" class=\"alignnone size-thumbnail wp-image-324\" src=\"https:\/\/www.carzig.net\/carzig\/wp-content\/uploads\/2017\/06\/20170601_Stadtverordnetensitzung-M\u00fcncheberg-150x150.jpg\" alt=\"\" width=\"150\" height=\"150\" srcset=\"https:\/\/www.carzig.net\/carzig\/wp-content\/uploads\/2017\/06\/20170601_Stadtverordnetensitzung-M\u00fcncheberg-150x150.jpg 150w, https:\/\/www.carzig.net\/carzig\/wp-content\/uploads\/2017\/06\/20170601_Stadtverordnetensitzung-M\u00fcncheberg-300x300.jpg 300w, https:\/\/www.carzig.net\/carzig\/wp-content\/uploads\/2017\/06\/20170601_Stadtverordnetensitzung-M\u00fcncheberg-768x768.jpg 768w, https:\/\/www.carzig.net\/carzig\/wp-content\/uploads\/2017\/06\/20170601_Stadtverordnetensitzung-M\u00fcncheberg-1024x1024.jpg 1024w, https:\/\/www.carzig.net\/carzig\/wp-content\/uploads\/2017\/06\/20170601_Stadtverordnetensitzung-M\u00fcncheberg.jpg 1548w\" sizes=\"auto, (max-width: 150px) 100vw, 150px\" \/><\/a><\/p>\n","protected":false},"excerpt":{"rendered":"<p>Die Stadtverordneten von M\u00fcncheberg haben heute drei WEGs diskutiert. Es lagen ihnen Verwaltungsvorschl\u00e4ge vor, welche zwei WEG ablehnten und eines bef\u00fcrwortete (WEG 51 im Wald bei Hoppegarten). Die Einwohnerfragestunde war lang, denn viele der rd. 50 G\u00e4ste nutzten sie. Mehrere der Fragen konnte die B\u00fcrgermeisterin, Frau Barkusky nicht beantworten. Beispielsweise,\u2026<\/p>\n<p> <a class=\"continue-reading-link\" href=\"https:\/\/www.carzig.net\/carzig\/2017\/06\/02\/muencheberger-stadtverordnetenversammlung-nimmt-stellung-zum-3-entwurf-teilplan\/\"><span>mehr lesen<\/span><i class=\"crycon-right-dir\"><\/i><\/a> <\/p>\n","protected":false},"author":1,"featured_media":0,"comment_status":"closed","ping_status":"closed","sticky":false,"template":"","format":"standard","meta":{"xn-wppe-expiration":[],"xn-wppe-expiration-action":[],"xn-wppe-expiration-prefix":[],"footnotes":""},"categories":[1,2],"tags":[14,25,20],"class_list":["post-321","post","type-post","status-publish","format-standard","hentry","category-allgemein","category-artikel","tag-buergerinitiative","tag-gegen-die-gier","tag-widerspruch","gallery-content-unit"],"_links":{"self":[{"href":"https:\/\/www.carzig.net\/carzig\/wp-json\/wp\/v2\/posts\/321","targetHints":{"allow":["GET"]}}],"collection":[{"href":"https:\/\/www.carzig.net\/carzig\/wp-json\/wp\/v2\/posts"}],"about":[{"href":"https:\/\/www.carzig.net\/carzig\/wp-json\/wp\/v2\/types\/post"}],"author":[{"embeddable":true,"href":"https:\/\/www.carzig.net\/carzig\/wp-json\/wp\/v2\/users\/1"}],"replies":[{"embeddable":true,"href":"https:\/\/www.carzig.net\/carzig\/wp-json\/wp\/v2\/comments?post=321"}],"version-history":[{"count":1,"href":"https:\/\/www.carzig.net\/carzig\/wp-json\/wp\/v2\/posts\/321\/revisions"}],"predecessor-version":[{"id":325,"href":"https:\/\/www.carzig.net\/carzig\/wp-json\/wp\/v2\/posts\/321\/revisions\/325"}],"wp:attachment":[{"href":"https:\/\/www.carzig.net\/carzig\/wp-json\/wp\/v2\/media?parent=321"}],"wp:term":[{"taxonomy":"category","embeddable":true,"href":"https:\/\/www.carzig.net\/carzig\/wp-json\/wp\/v2\/categories?post=321"},{"taxonomy":"post_tag","embeddable":true,"href":"https:\/\/www.carzig.net\/carzig\/wp-json\/wp\/v2\/tags?post=321"}],"curies":[{"name":"wp","href":"https:\/\/api.w.org\/{rel}","templated":true}]}}