{"id":371,"date":"2017-06-09T20:48:00","date_gmt":"2017-06-09T18:48:00","guid":{"rendered":"https:\/\/www.carzig.net\/carzig\/?p=371"},"modified":"2017-06-13T20:50:06","modified_gmt":"2017-06-13T18:50:06","slug":"moz-9-6-2017-messungen-seit-ueber-einem-jahrzehnt-ueberfaellig","status":"publish","type":"post","link":"https:\/\/www.carzig.net\/carzig\/2017\/06\/09\/moz-9-6-2017-messungen-seit-ueber-einem-jahrzehnt-ueberfaellig\/","title":{"rendered":"(MOZ 9.6.2017) Messungen seit \u00fcber einem Jahrzehnt \u00fcberf\u00e4llig"},"content":{"rendered":"<p>Ketzin\/Falkenrehde (MOZ) Das Landesumweltamt soll die Kontrollpflicht bei Nachmessungen an Windenergieanlagen \u00fcber Jahre hinweg vernachl\u00e4ssigt haben. Das zumindest behauptet Peter Vida, Landtagsabgeordneter der Fraktion BVB\/FREIE W\u00c4HLER, nachdem er eine Antwort auf eine Kleine Anfrage zu weiteren Vorhaben nahe der Ortschaft Falkenrehde erhalten hatte. Messungen seien seit \u00fcber einem Jahrzehnt \u00fcberf\u00e4llig, meinte er.<\/p>\n<p><a href=\"http:\/\/www.moz.de\/artikel-ansicht\/dg\/0\/1\/1580121\" target=\"_blank\" rel=\"noopener\">Hier den ganzen Artikel lesen<\/a><\/p>\n","protected":false},"excerpt":{"rendered":"<p>Ketzin\/Falkenrehde (MOZ) Das Landesumweltamt soll die Kontrollpflicht bei Nachmessungen an Windenergieanlagen \u00fcber Jahre hinweg vernachl\u00e4ssigt haben. Das zumindest behauptet Peter Vida, Landtagsabgeordneter der Fraktion BVB\/FREIE W\u00c4HLER, nachdem er eine Antwort auf eine Kleine Anfrage zu weiteren Vorhaben nahe der Ortschaft Falkenrehde erhalten hatte. Messungen seien seit \u00fcber einem Jahrzehnt \u00fcberf\u00e4llig,\u2026<\/p>\n<p> <a class=\"continue-reading-link\" href=\"https:\/\/www.carzig.net\/carzig\/2017\/06\/09\/moz-9-6-2017-messungen-seit-ueber-einem-jahrzehnt-ueberfaellig\/\"><span>mehr lesen<\/span><i class=\"crycon-right-dir\"><\/i><\/a> <\/p>\n","protected":false},"author":1,"featured_media":0,"comment_status":"closed","ping_status":"closed","sticky":false,"template":"","format":"standard","meta":{"xn-wppe-expiration":[],"xn-wppe-expiration-action":[],"xn-wppe-expiration-prefix":[],"footnotes":""},"categories":[1,2],"tags":[26,47,46,25,48,11,43],"class_list":["post-371","post","type-post","status-publish","format-standard","hentry","category-allgemein","category-artikel","tag-an-die-politik","tag-betrug","tag-brandenburg-hat-genug","tag-gegen-die-gier","tag-ignoranz","tag-windkraft","tag-zerstoerung","gallery-content-unit"],"_links":{"self":[{"href":"https:\/\/www.carzig.net\/carzig\/wp-json\/wp\/v2\/posts\/371","targetHints":{"allow":["GET"]}}],"collection":[{"href":"https:\/\/www.carzig.net\/carzig\/wp-json\/wp\/v2\/posts"}],"about":[{"href":"https:\/\/www.carzig.net\/carzig\/wp-json\/wp\/v2\/types\/post"}],"author":[{"embeddable":true,"href":"https:\/\/www.carzig.net\/carzig\/wp-json\/wp\/v2\/users\/1"}],"replies":[{"embeddable":true,"href":"https:\/\/www.carzig.net\/carzig\/wp-json\/wp\/v2\/comments?post=371"}],"version-history":[{"count":1,"href":"https:\/\/www.carzig.net\/carzig\/wp-json\/wp\/v2\/posts\/371\/revisions"}],"predecessor-version":[{"id":372,"href":"https:\/\/www.carzig.net\/carzig\/wp-json\/wp\/v2\/posts\/371\/revisions\/372"}],"wp:attachment":[{"href":"https:\/\/www.carzig.net\/carzig\/wp-json\/wp\/v2\/media?parent=371"}],"wp:term":[{"taxonomy":"category","embeddable":true,"href":"https:\/\/www.carzig.net\/carzig\/wp-json\/wp\/v2\/categories?post=371"},{"taxonomy":"post_tag","embeddable":true,"href":"https:\/\/www.carzig.net\/carzig\/wp-json\/wp\/v2\/tags?post=371"}],"curies":[{"name":"wp","href":"https:\/\/api.w.org\/{rel}","templated":true}]}}