{"id":375,"date":"2017-06-14T18:52:16","date_gmt":"2017-06-14T16:52:16","guid":{"rendered":"https:\/\/www.carzig.net\/carzig\/?p=375"},"modified":"2017-06-14T18:52:16","modified_gmt":"2017-06-14T16:52:16","slug":"10-neue-230m-hohe-windraeder-zusaetzlich","status":"publish","type":"post","link":"https:\/\/www.carzig.net\/carzig\/2017\/06\/14\/10-neue-230m-hohe-windraeder-zusaetzlich\/","title":{"rendered":"10 neue 230m hohe Windr\u00e4der zus\u00e4tzlich &#8230;"},"content":{"rendered":"<p>10 neue 230m hohe Windr\u00e4der zus\u00e4tzlich, noch bevor \u00fcber den Teilplan \u00fcberhaupt entschieden ist?<br \/>\n<strong>Wir sagen Stopp! Brandenburg hat genug!<\/strong><\/p>\n<p>Wir gehen zum Er\u00f6rterungstermin: 20.06.2017 10<u><sup>00<\/sup><\/u>\u00a0Uhr!<br \/>\nKreiskulturhaus Seelow, Erich-Weinert-Stra\u00dfe 13<\/p>\n","protected":false},"excerpt":{"rendered":"<p>10 neue 230m hohe Windr\u00e4der zus\u00e4tzlich, noch bevor \u00fcber den Teilplan \u00fcberhaupt entschieden ist? Wir sagen Stopp! Brandenburg hat genug! Wir gehen zum Er\u00f6rterungstermin: 20.06.2017 1000\u00a0Uhr! Kreiskulturhaus Seelow, Erich-Weinert-Stra\u00dfe 13<\/p>\n<p> <a class=\"continue-reading-link\" href=\"https:\/\/www.carzig.net\/carzig\/2017\/06\/14\/10-neue-230m-hohe-windraeder-zusaetzlich\/\"><span>mehr lesen<\/span><i class=\"crycon-right-dir\"><\/i><\/a> <\/p>\n","protected":false},"author":1,"featured_media":0,"comment_status":"closed","ping_status":"closed","sticky":false,"template":"","format":"standard","meta":{"xn-wppe-expiration":[],"xn-wppe-expiration-action":[],"xn-wppe-expiration-prefix":[],"footnotes":""},"categories":[1,2],"tags":[46,31,8,20,30],"class_list":["post-375","post","type-post","status-publish","format-standard","hentry","category-allgemein","category-artikel","tag-brandenburg-hat-genug","tag-buergerinitiative-carzig","tag-forderung","tag-widerspruch","tag-wir-haben-die-schnauze-voll","gallery-content-unit"],"_links":{"self":[{"href":"https:\/\/www.carzig.net\/carzig\/wp-json\/wp\/v2\/posts\/375","targetHints":{"allow":["GET"]}}],"collection":[{"href":"https:\/\/www.carzig.net\/carzig\/wp-json\/wp\/v2\/posts"}],"about":[{"href":"https:\/\/www.carzig.net\/carzig\/wp-json\/wp\/v2\/types\/post"}],"author":[{"embeddable":true,"href":"https:\/\/www.carzig.net\/carzig\/wp-json\/wp\/v2\/users\/1"}],"replies":[{"embeddable":true,"href":"https:\/\/www.carzig.net\/carzig\/wp-json\/wp\/v2\/comments?post=375"}],"version-history":[{"count":1,"href":"https:\/\/www.carzig.net\/carzig\/wp-json\/wp\/v2\/posts\/375\/revisions"}],"predecessor-version":[{"id":376,"href":"https:\/\/www.carzig.net\/carzig\/wp-json\/wp\/v2\/posts\/375\/revisions\/376"}],"wp:attachment":[{"href":"https:\/\/www.carzig.net\/carzig\/wp-json\/wp\/v2\/media?parent=375"}],"wp:term":[{"taxonomy":"category","embeddable":true,"href":"https:\/\/www.carzig.net\/carzig\/wp-json\/wp\/v2\/categories?post=375"},{"taxonomy":"post_tag","embeddable":true,"href":"https:\/\/www.carzig.net\/carzig\/wp-json\/wp\/v2\/tags?post=375"}],"curies":[{"name":"wp","href":"https:\/\/api.w.org\/{rel}","templated":true}]}}