{"id":377,"date":"2017-06-16T19:55:01","date_gmt":"2017-06-16T17:55:01","guid":{"rendered":"https:\/\/www.carzig.net\/carzig\/?p=377"},"modified":"2017-06-16T19:55:01","modified_gmt":"2017-06-16T17:55:01","slug":"cdu-und-fdp-zur-energiepolitik-in-nrw","status":"publish","type":"post","link":"https:\/\/www.carzig.net\/carzig\/2017\/06\/16\/cdu-und-fdp-zur-energiepolitik-in-nrw\/","title":{"rendered":"CDU und FDP zur Energiepolitik in NRW"},"content":{"rendered":"<p><strong>Energie<\/strong><\/p>\n<p>Den Landesklimaschutzplan, der eine Verringerung der CO2-Emissionen zum Ziel hatte, will die neue Landesregierung in der jetzigen Form abschaffen. Zugleich plant Schwarz-Gelb\u00a0<strong>Einschnitte beim Ausbau von Windr\u00e4dern<\/strong>. Der\u00a0<strong>Mindestabstand zu Wohnsiedlungen soll k\u00fcnftig bei 1500 Metern\u00a0<\/strong>liegen. Damit verringern sich die f\u00fcr Windkraftanlagen zur Verf\u00fcgung stehenden Fl\u00e4chen um 80 Prozent. Christian Lindner nennt den bisherigen Windenergie-Ausbau &#8222;ideologisch&#8220;, das solle nun anders werden. Schon genehmigte Anlagen seien davon aber nicht betroffen. Bei Wirtschaftsforschern st\u00f6\u00dft die Wende auf Kritik: &#8222;Die Pl\u00e4ne sind erstaunlich r\u00fcckw\u00e4rtsgewandt, insbesondere die Beschr\u00e4nkung der Windkraft. Es wirkt, als ob sich die neue Landesregierung der<br \/>\nBraunkohle und dem Atomzeitalter verpflichtet f\u00fchlt&#8220;, sagt Gustav A. Horn, wissenschaftlicher Direktor des gewerkschaftsnahen Instituts f\u00fcr Makro\u00f6konomie und Konjunkturforschung (IMK). Auch SPD-NRW-Parteichef Michael Groschek nahm vor allem die Energiepolitik zum Anlass f\u00fcr scharfe Kritik: &#8222;CDU und FDP bereiten einen Windkraft-Boykott vor. Damit werden zukunftsf\u00e4hige Arbeitspl\u00e4tze gef\u00e4hrdet und dem Industriestandort NRW wird geschadet.&#8220; 15.000 Arbeitnehmer seien in dieser Branche besch\u00e4ftigt. Andreas Schmitz, Pr\u00e4sident der Industrie- und Handelskammer D\u00fcsseldorf, fordert in der Energiepolitik k\u00fcnftig mehr Einsatz in Berlin: &#8222;Als wichtig f\u00fcr die neue Landesregierung sehe ich an, dass sie sich auch auf Bundesebene f\u00fcr die in NRW ans\u00e4ssige Energiewirtschaft einsetzt.&#8220;<\/p>\n","protected":false},"excerpt":{"rendered":"<p>Energie Den Landesklimaschutzplan, der eine Verringerung der CO2-Emissionen zum Ziel hatte, will die neue Landesregierung in der jetzigen Form abschaffen. Zugleich plant Schwarz-Gelb\u00a0Einschnitte beim Ausbau von Windr\u00e4dern. Der\u00a0Mindestabstand zu Wohnsiedlungen soll k\u00fcnftig bei 1500 Metern\u00a0liegen. Damit verringern sich die f\u00fcr Windkraftanlagen zur Verf\u00fcgung stehenden Fl\u00e4chen um 80 Prozent. Christian Lindner\u2026<\/p>\n<p> <a class=\"continue-reading-link\" href=\"https:\/\/www.carzig.net\/carzig\/2017\/06\/16\/cdu-und-fdp-zur-energiepolitik-in-nrw\/\"><span>mehr lesen<\/span><i class=\"crycon-right-dir\"><\/i><\/a> <\/p>\n","protected":false},"author":1,"featured_media":0,"comment_status":"closed","ping_status":"closed","sticky":false,"template":"","format":"standard","meta":{"xn-wppe-expiration":[],"xn-wppe-expiration-action":[],"xn-wppe-expiration-prefix":[],"footnotes":""},"categories":[1,2],"tags":[46,31,25,11],"class_list":["post-377","post","type-post","status-publish","format-standard","hentry","category-allgemein","category-artikel","tag-brandenburg-hat-genug","tag-buergerinitiative-carzig","tag-gegen-die-gier","tag-windkraft","gallery-content-unit"],"_links":{"self":[{"href":"https:\/\/www.carzig.net\/carzig\/wp-json\/wp\/v2\/posts\/377","targetHints":{"allow":["GET"]}}],"collection":[{"href":"https:\/\/www.carzig.net\/carzig\/wp-json\/wp\/v2\/posts"}],"about":[{"href":"https:\/\/www.carzig.net\/carzig\/wp-json\/wp\/v2\/types\/post"}],"author":[{"embeddable":true,"href":"https:\/\/www.carzig.net\/carzig\/wp-json\/wp\/v2\/users\/1"}],"replies":[{"embeddable":true,"href":"https:\/\/www.carzig.net\/carzig\/wp-json\/wp\/v2\/comments?post=377"}],"version-history":[{"count":1,"href":"https:\/\/www.carzig.net\/carzig\/wp-json\/wp\/v2\/posts\/377\/revisions"}],"predecessor-version":[{"id":378,"href":"https:\/\/www.carzig.net\/carzig\/wp-json\/wp\/v2\/posts\/377\/revisions\/378"}],"wp:attachment":[{"href":"https:\/\/www.carzig.net\/carzig\/wp-json\/wp\/v2\/media?parent=377"}],"wp:term":[{"taxonomy":"category","embeddable":true,"href":"https:\/\/www.carzig.net\/carzig\/wp-json\/wp\/v2\/categories?post=377"},{"taxonomy":"post_tag","embeddable":true,"href":"https:\/\/www.carzig.net\/carzig\/wp-json\/wp\/v2\/tags?post=377"}],"curies":[{"name":"wp","href":"https:\/\/api.w.org\/{rel}","templated":true}]}}