{"id":412,"date":"2017-06-26T14:40:24","date_gmt":"2017-06-26T12:40:24","guid":{"rendered":"https:\/\/www.carzig.net\/carzig\/?p=412"},"modified":"2017-06-26T14:40:24","modified_gmt":"2017-06-26T12:40:24","slug":"26-juni-um-18-uhr-antenne-stammtisch-windenergie","status":"publish","type":"post","link":"https:\/\/www.carzig.net\/carzig\/2017\/06\/26\/26-juni-um-18-uhr-antenne-stammtisch-windenergie\/","title":{"rendered":"26. Juni, um 18 Uhr &#8211; Antenne-Stammtisch: Windenergie"},"content":{"rendered":"<div class=\"shorttext\">\n<p><em>Der Antenne-Stammtisch beginnt am 26. Juni, um 18 Uhr in der Aula des Gymnasiums in Wittstock.<\/em><br \/>\n<em> Sie sind als Publikum herzlich eingeladen. Der Eintritt ist frei.<\/em><\/p>\n<p>Geht der Windkraft im Nordwesten Brandenburgs die Puste aus? Der Ausbau der Windkraft in Brandenburg f\u00fchrt an vielen Orten zu heftigem Streit. So auch im Nordwesten von Brandenburg. Beim Antenne-Stammtisch wollen wir gemeinsam mit Entscheidungstr\u00e4gern und Betroffenen reden. Es sollen dabei unter anderem die \u00c4ngste und Sorgen der Anwohner, aber auch die Zukunft der erneuerbaren Energien thematisiert werden.<\/p>\n<p><a href=\"https:\/\/www.antennebrandenburg.de\/programm\/wiederkehrende-ereignisse\/antenne_stammtisch\/antenne-stammtisch--windenergie.html\" target=\"_blank\" rel=\"noopener\">Hier der ganze Beitrag<\/a><\/p>\n<p>Und hier ein Beitrag von Katrin Stoll-Hellert:<\/p>\n<p class=\"m_6356281292894597053texttitle\"><em>Na das klingt mir ja m\u00e4chtig nach Scheinbeteiligung. Guck Dir mal die Teilnehmerliste an.<\/em><br \/>\n<em>Als Gespr\u00e4chspartner dabei sind:<\/em><\/p>\n<p><em><b>Dr. Klaus Freytag <\/b>&#8211; Abteilungsleiter im Wirtschaftsministerium<\/em><br \/>\n<em> <b>Ansgar Kuschel <\/b>&#8211; Leiter der Planungsstelle der Regionalen Planungsgemeinschaft Prignitz-Oberhavel<\/em><br \/>\n<em> <b>Charis Riemer <\/b>&#8211; Aktionsb\u00fcndnis \u201eGegenwind PR-OPR-OHV\u201c<\/em><br \/>\n<em> <b>Jan-Hinrich Glahr <\/b>&#8211; Landesvorsitzender vom Bundesverband der Windenergie<\/em><\/p>\n<p class=\"m_6356281292894597053texttitle\"><em>Alles \u00fcberzeugte Windkraftbef\u00fcrworter und einer dazwischen, der wahrscheinlich wahlweise beruhigt, depotenziert und\/ oder belehrt und aufgekl\u00e4rt wird. Alles vor den Ohren des Publikums, damit die den Eindruck kriegen, es w\u00e4ren Opfer n\u00f6tig, um den Klimawandel zu schaffen. Die Wahrheit ist,\u00a0Anwohner sollen Opfer bringen,\u00a0damit Leute\u00a0Profit\u00a0machen, dier hier nicht wohnen\u00a0und die Klimawende schaffen wir damir nicht. So l\u00e4uft es auf ein Investionionsprogramm hinaus, welches die Verluste vergesellschaftet und die Gewinne privatisiert. Und unser Bundesland wird verschandelt, statt sich zur Toskana des Nordens zu entwickeln.<\/em><\/p>\n<p><em>Gleich an Antenne weiterleiten. Vielleicht spielen die auch schriftliche Diskussionsbeitr\u00e4ge in die Debatte ein. Ansonsten: bin nicht sicher, ob ich mir eine solche Diskussion als Vor-Ort-Veranstaltung hier w\u00fcnschen w\u00fcrde. Das klingt mir alles zu abgekartet.<\/em><\/p>\n<p><em>Eine letzte Hoffnung hab ich noch, dass gen\u00fcgend Live-Publikum die Debatte verfolgt und sich zu Wort meldet. Mir ist es von einem Tag zum anderen jedfoch nicht m\u00f6glich, teilzunehmen. Wieso kommt die Info jetzt erst?<\/em><\/p>\n<p><em>\u00a0F\u00fcr Charis Riemer dr\u00fcck ich jedenfalls\u00a0alle Daumen, vielleicht lernt man sich mal kennen und verabredet ne ernsthafte Aktion in Richtung Politik, damit die ihren Job macht, n\u00e4mlich: Die Allgemeinheit vor der Gier der Investoren sch\u00fctzen.<\/em><\/p>\n<p><em>\u00a0Motto: Brandenburg hat genug.<\/em><\/p>\n<div>\n<p><em>\u00a0VG<\/em><br \/>\n<em>Kati Stoll-Hellert<\/em><\/p>\n<\/div>\n<\/div>\n","protected":false},"excerpt":{"rendered":"<p>Der Antenne-Stammtisch beginnt am 26. Juni, um 18 Uhr in der Aula des Gymnasiums in Wittstock. Sie sind als Publikum herzlich eingeladen. Der Eintritt ist frei. Geht der Windkraft im Nordwesten Brandenburgs die Puste aus? Der Ausbau der Windkraft in Brandenburg f\u00fchrt an vielen Orten zu heftigem Streit. So auch\u2026<\/p>\n<p> <a class=\"continue-reading-link\" href=\"https:\/\/www.carzig.net\/carzig\/2017\/06\/26\/26-juni-um-18-uhr-antenne-stammtisch-windenergie\/\"><span>mehr lesen<\/span><i class=\"crycon-right-dir\"><\/i><\/a> <\/p>\n","protected":false},"author":1,"featured_media":0,"comment_status":"closed","ping_status":"closed","sticky":false,"template":"","format":"standard","meta":{"xn-wppe-expiration":[],"xn-wppe-expiration-action":[],"xn-wppe-expiration-prefix":[],"footnotes":""},"categories":[1,2],"tags":[52,14,20,11],"class_list":["post-412","post","type-post","status-publish","format-standard","hentry","category-allgemein","category-artikel","tag-antenne","tag-buergerinitiative","tag-widerspruch","tag-windkraft","gallery-content-unit"],"_links":{"self":[{"href":"https:\/\/www.carzig.net\/carzig\/wp-json\/wp\/v2\/posts\/412","targetHints":{"allow":["GET"]}}],"collection":[{"href":"https:\/\/www.carzig.net\/carzig\/wp-json\/wp\/v2\/posts"}],"about":[{"href":"https:\/\/www.carzig.net\/carzig\/wp-json\/wp\/v2\/types\/post"}],"author":[{"embeddable":true,"href":"https:\/\/www.carzig.net\/carzig\/wp-json\/wp\/v2\/users\/1"}],"replies":[{"embeddable":true,"href":"https:\/\/www.carzig.net\/carzig\/wp-json\/wp\/v2\/comments?post=412"}],"version-history":[{"count":1,"href":"https:\/\/www.carzig.net\/carzig\/wp-json\/wp\/v2\/posts\/412\/revisions"}],"predecessor-version":[{"id":413,"href":"https:\/\/www.carzig.net\/carzig\/wp-json\/wp\/v2\/posts\/412\/revisions\/413"}],"wp:attachment":[{"href":"https:\/\/www.carzig.net\/carzig\/wp-json\/wp\/v2\/media?parent=412"}],"wp:term":[{"taxonomy":"category","embeddable":true,"href":"https:\/\/www.carzig.net\/carzig\/wp-json\/wp\/v2\/categories?post=412"},{"taxonomy":"post_tag","embeddable":true,"href":"https:\/\/www.carzig.net\/carzig\/wp-json\/wp\/v2\/tags?post=412"}],"curies":[{"name":"wp","href":"https:\/\/api.w.org\/{rel}","templated":true}]}}