{"id":479,"date":"2017-08-17T13:28:25","date_gmt":"2017-08-17T11:28:25","guid":{"rendered":"https:\/\/www.carzig.net\/carzig\/?p=479"},"modified":"2017-08-17T13:28:25","modified_gmt":"2017-08-17T11:28:25","slug":"auch-wenn-das-siebte-jahr-in-folge-von-einem-schlechten-storchenjahr-die-rede-ist-ursachen","status":"publish","type":"post","link":"https:\/\/www.carzig.net\/carzig\/2017\/08\/17\/auch-wenn-das-siebte-jahr-in-folge-von-einem-schlechten-storchenjahr-die-rede-ist-ursachen\/","title":{"rendered":"&#8230; auch wenn das siebte Jahr in Folge von einem schlechten Storchenjahr die Rede ist &#8230; Ursachen?!"},"content":{"rendered":"<p>Auch wenn das siebte Jahr in Folge von einem schlechten Storchenjahr die Rede ist, werden die Ursachen auf Monokultur und schlechtes Wetter geschoben. Das ist sicher nicht falsch, aber es ist, zumindest in unserer Gegend, unvollst\u00e4ndig.<br \/>\nEs unterschl\u00e4gt die Tatsache, dass die St\u00f6rche seit 2004 regelrecht vergr\u00e4mt werden durch immer mehr und immer gr\u00f6\u00dfer ausfallenden Windr\u00e4dern. Sie werden auf ihrer in dieser Monokulturlandschaft sowieso schon sehr m\u00fchsamen Nahrungssuche von Rotoren bedroht. Immer wieder kehren Hahn oder Henne nicht zur\u00fcck, weil sie von Windr\u00e4dern geschreddert wurden. Oder sie zeigen unter dem Eindruck von viel zu geringen Abst\u00e4nden zw. Windenergieanlagen und Nistplatz ein Verhalten, welches die Bruterfolge gef\u00e4hrdet.<br \/>\nSie verlassen beispielsweise bei starkem Wind, der laute, impulshaltige Ger\u00e4usche an den Anlagen verursacht, ihr Nest und lassen die Eier ausk\u00fchlen. Wom\u00f6glich spielt auch der Infraschall eine, bislang leider noch nicht mal in Bezug auf den Menschen erforschte, Rolle f\u00fcr die Tiere und ihr Wohlbefinden. Und obwohl die Summe aller dieser Umst\u00e4nde dazu f\u00fchrt, dass die Population gef\u00e4hrdet ist, wird der Schutz dieser Tiere nicht gest\u00e4rkt.<br \/>\nDabei hat Brandenburg daf\u00fcr sehr wohl eine gewisse Verantwortung. Stattdessen werden weitere Windr\u00e4der beantragt, Windeignungsgebiete am \u201egr\u00fcnen Tisch\u201c ausbaldowert und die Behauptung verbreitet, dass die Einhaltung von Vorschriften die Natur erhalten. (Bitte alle daran denken, dass diese sog. \u201eTierabstandskriterien\u201c von einer Linken- Ministerin, Frau Tack, erfunden wurden, um ein Mehr an Windanlagen zu erm\u00f6glichen). Man w\u00fcnschte sich wirklich, dass hier mal die Leute, die Umweltschutz im Namen tragen, klare Worte finden und ihrem Auftrag nachkommen: Landesamt f\u00fcr Umweltschutz, Umweltministerium Brandenburg, Naturschutzbund aber auch der Bund f\u00fcr Umwelt und Naturschutz Deutschland. Und der erste Schritt zur Bearbeitung von Problemen w\u00e4re eine ehrliche und vollst\u00e4ndige Benennung der Ursachen.<\/p>\n<p>Einen MOZ- Artikel zum aktuellen Storchenbruterfolg finden Sie hier:<br \/>\n<a href=\"http:\/\/www.moz.de\/details\/dg\/0\/1\/1595761\/\" target=\"_blank\" rel=\"noopener\">http:\/\/www.moz.de\/details\/dg\/0\/1\/1595761\/<\/a><\/p>\n","protected":false},"excerpt":{"rendered":"<p>Auch wenn das siebte Jahr in Folge von einem schlechten Storchenjahr die Rede ist, werden die Ursachen auf Monokultur und schlechtes Wetter geschoben. Das ist sicher nicht falsch, aber es ist, zumindest in unserer Gegend, unvollst\u00e4ndig. Es unterschl\u00e4gt die Tatsache, dass die St\u00f6rche seit 2004 regelrecht vergr\u00e4mt werden durch immer\u2026<\/p>\n<p> <a class=\"continue-reading-link\" href=\"https:\/\/www.carzig.net\/carzig\/2017\/08\/17\/auch-wenn-das-siebte-jahr-in-folge-von-einem-schlechten-storchenjahr-die-rede-ist-ursachen\/\"><span>mehr lesen<\/span><i class=\"crycon-right-dir\"><\/i><\/a> <\/p>\n","protected":false},"author":1,"featured_media":0,"comment_status":"closed","ping_status":"closed","sticky":false,"template":"","format":"standard","meta":{"xn-wppe-expiration":[],"xn-wppe-expiration-action":[],"xn-wppe-expiration-prefix":[],"footnotes":""},"categories":[1,2],"tags":[14,31,17,16,21,10,22],"class_list":["post-479","post","type-post","status-publish","format-standard","hentry","category-allgemein","category-artikel","tag-buergerinitiative","tag-buergerinitiative-carzig","tag-landschaftsschutzgebiete","tag-lsg","tag-moz","tag-politik","tag-zeitung","gallery-content-unit"],"_links":{"self":[{"href":"https:\/\/www.carzig.net\/carzig\/wp-json\/wp\/v2\/posts\/479","targetHints":{"allow":["GET"]}}],"collection":[{"href":"https:\/\/www.carzig.net\/carzig\/wp-json\/wp\/v2\/posts"}],"about":[{"href":"https:\/\/www.carzig.net\/carzig\/wp-json\/wp\/v2\/types\/post"}],"author":[{"embeddable":true,"href":"https:\/\/www.carzig.net\/carzig\/wp-json\/wp\/v2\/users\/1"}],"replies":[{"embeddable":true,"href":"https:\/\/www.carzig.net\/carzig\/wp-json\/wp\/v2\/comments?post=479"}],"version-history":[{"count":1,"href":"https:\/\/www.carzig.net\/carzig\/wp-json\/wp\/v2\/posts\/479\/revisions"}],"predecessor-version":[{"id":480,"href":"https:\/\/www.carzig.net\/carzig\/wp-json\/wp\/v2\/posts\/479\/revisions\/480"}],"wp:attachment":[{"href":"https:\/\/www.carzig.net\/carzig\/wp-json\/wp\/v2\/media?parent=479"}],"wp:term":[{"taxonomy":"category","embeddable":true,"href":"https:\/\/www.carzig.net\/carzig\/wp-json\/wp\/v2\/categories?post=479"},{"taxonomy":"post_tag","embeddable":true,"href":"https:\/\/www.carzig.net\/carzig\/wp-json\/wp\/v2\/tags?post=479"}],"curies":[{"name":"wp","href":"https:\/\/api.w.org\/{rel}","templated":true}]}}