{"id":481,"date":"2017-08-18T09:02:55","date_gmt":"2017-08-18T07:02:55","guid":{"rendered":"https:\/\/www.carzig.net\/carzig\/?p=481"},"modified":"2017-08-18T09:04:48","modified_gmt":"2017-08-18T07:04:48","slug":"desastroese-landwirtschafts-und-umweltpolitik-so-geht-die-natur-dahin","status":"publish","type":"post","link":"https:\/\/www.carzig.net\/carzig\/2017\/08\/18\/desastroese-landwirtschafts-und-umweltpolitik-so-geht-die-natur-dahin\/","title":{"rendered":"Desastr\u00f6se Landwirtschafts- und Umweltpolitik &#8230; so wird die Natur zerst\u00f6rt &#8230;"},"content":{"rendered":"<p>Minister f\u00fcr L\u00e4ndliche Entwicklung, Umwelt und Landwirtschaft des Landes Brandenburg (MLUL), J\u00f6rg Vogels\u00e4nger verantwortet eine desastr\u00f6se Landwirtschafts- und Umweltpolitik, gleichzeitig vergeht kaum eine Woche, in der nicht irgendwo Gelegenheit f\u00fcr den Minister ist, eine Spatenstich zu feiern oder eine Scheck\u00fcbergabe zu inszenieren\u2026<\/p>\n<p>Sein Umweltministerium hat sich in den letzten Legislaturperioden eher schuldig gemacht und die Errungenschaften aus den 90er Jahren verraten. Das gilt nicht nur in Bezug auf die Abschaffung von Schutzgebieten (wir berichteten). Es gilt auch f\u00fcr Unt\u00e4tigkeit gegen\u00fcber Schutzmassnahmen in Ostbrandenburg. Grundwasserabsenkung und Artensterben, Monokultur und Bodenvergiftung. Das muss sich Brandenburg von einem der namhaftesten Umweltsch\u00fctzer und Wissenschaftler, Michael Succow, anh\u00f6ren. Eine Einsch\u00e4tzung zu dem vollkommen unangemessenen Ausbau an Windenergieanlagen, die inzwischen auch hundertfach Gesundheit und Natur gef\u00e4hrden, ist hier noch gar nicht eingeflossen. Siehe hier: <a href=\"http:\/\/www.moz.de\/brandenburg\/artikel-ansicht\/dg\/0\/1\/1597154\/\" target=\"_blank\" rel=\"noopener\">http:\/\/www.moz.de\/brandenburg\/artikel-ansicht\/dg\/0\/1\/1597154\/<\/a><\/p>\n","protected":false},"excerpt":{"rendered":"<p>Minister f\u00fcr L\u00e4ndliche Entwicklung, Umwelt und Landwirtschaft des Landes Brandenburg (MLUL), J\u00f6rg Vogels\u00e4nger verantwortet eine desastr\u00f6se Landwirtschafts- und Umweltpolitik, gleichzeitig vergeht kaum eine Woche, in der nicht irgendwo Gelegenheit f\u00fcr den Minister ist, eine Spatenstich zu feiern oder eine Scheck\u00fcbergabe zu inszenieren\u2026 Sein Umweltministerium hat sich in den letzten Legislaturperioden\u2026<\/p>\n<p> <a class=\"continue-reading-link\" href=\"https:\/\/www.carzig.net\/carzig\/2017\/08\/18\/desastroese-landwirtschafts-und-umweltpolitik-so-geht-die-natur-dahin\/\"><span>mehr lesen<\/span><i class=\"crycon-right-dir\"><\/i><\/a> <\/p>\n","protected":false},"author":1,"featured_media":0,"comment_status":"closed","ping_status":"closed","sticky":false,"template":"","format":"standard","meta":{"xn-wppe-expiration":[],"xn-wppe-expiration-action":[],"xn-wppe-expiration-prefix":[],"footnotes":""},"categories":[1,2],"tags":[26,46,31,8,17,16,21,22],"class_list":["post-481","post","type-post","status-publish","format-standard","hentry","category-allgemein","category-artikel","tag-an-die-politik","tag-brandenburg-hat-genug","tag-buergerinitiative-carzig","tag-forderung","tag-landschaftsschutzgebiete","tag-lsg","tag-moz","tag-zeitung","gallery-content-unit"],"_links":{"self":[{"href":"https:\/\/www.carzig.net\/carzig\/wp-json\/wp\/v2\/posts\/481","targetHints":{"allow":["GET"]}}],"collection":[{"href":"https:\/\/www.carzig.net\/carzig\/wp-json\/wp\/v2\/posts"}],"about":[{"href":"https:\/\/www.carzig.net\/carzig\/wp-json\/wp\/v2\/types\/post"}],"author":[{"embeddable":true,"href":"https:\/\/www.carzig.net\/carzig\/wp-json\/wp\/v2\/users\/1"}],"replies":[{"embeddable":true,"href":"https:\/\/www.carzig.net\/carzig\/wp-json\/wp\/v2\/comments?post=481"}],"version-history":[{"count":2,"href":"https:\/\/www.carzig.net\/carzig\/wp-json\/wp\/v2\/posts\/481\/revisions"}],"predecessor-version":[{"id":483,"href":"https:\/\/www.carzig.net\/carzig\/wp-json\/wp\/v2\/posts\/481\/revisions\/483"}],"wp:attachment":[{"href":"https:\/\/www.carzig.net\/carzig\/wp-json\/wp\/v2\/media?parent=481"}],"wp:term":[{"taxonomy":"category","embeddable":true,"href":"https:\/\/www.carzig.net\/carzig\/wp-json\/wp\/v2\/categories?post=481"},{"taxonomy":"post_tag","embeddable":true,"href":"https:\/\/www.carzig.net\/carzig\/wp-json\/wp\/v2\/tags?post=481"}],"curies":[{"name":"wp","href":"https:\/\/api.w.org\/{rel}","templated":true}]}}