{"id":522,"date":"2017-08-31T21:08:36","date_gmt":"2017-08-31T19:08:36","guid":{"rendered":"https:\/\/www.carzig.net\/carzig\/?p=522"},"modified":"2017-08-31T21:08:36","modified_gmt":"2017-08-31T19:08:36","slug":"buergerprotest-der-vi-rettet-brandenburg-anlaesslich-wahlkampfauftritt-der-bundeskanzlerin-in-brandenburg","status":"publish","type":"post","link":"https:\/\/www.carzig.net\/carzig\/2017\/08\/31\/buergerprotest-der-vi-rettet-brandenburg-anlaesslich-wahlkampfauftritt-der-bundeskanzlerin-in-brandenburg\/","title":{"rendered":"B\u00fcrgerprotest der VI &#8222;Rettet Brandenburg&#8220; anl\u00e4sslich Wahlkampfauftritt der Bundeskanzlerin in Brandenburg"},"content":{"rendered":"<p>Guten Abend!<\/p>\n<p>Friedlicher B\u00fcrgerprotest (Foto Anhang) gegen den Windwahn im Land bei einem Merkel-Wahlauftritt heute (29.08.2017) in der Stadt Brandenburg. Im RBB-Fernsehen kam davon nichts, daf\u00fcr schrilles AfD-Trillern gegen Frau Merkel in Sachsen-Anhalt. Von &#8222;gr\u00fcnen&#8220; Krawallmachern und Zerst\u00f6rern von Industrieanlagen berichtet man ebenso gern, wie von roten &#8222;Revoluzzern&#8220; die Kreuzberg oder Hamburg auseinander nehmen.<\/p>\n<p>DAS HAT METHODE und ist inakzeptabel !!!<\/p>\n<p>Hans-J\u00fcrgen Klemm<br \/>\nDipl.Ing. FH<\/p>\n<p>Sprecher der B\u00fcrgerinitiative<br \/>\n&#8222;H\u00e4nde weg vom Liepnitzwald&#8220;<\/p>\n<p>Tel.: 033397\/671307<br \/>\nwww.pro-liepnitzwald.de<\/p>\n<p><a href=\"https:\/\/www.carzig.net\/carzig\/wp-content\/uploads\/2017\/08\/IMG-20170829-WA0006.jpg\"><img loading=\"lazy\" decoding=\"async\" class=\"alignnone size-medium wp-image-524\" src=\"https:\/\/www.carzig.net\/carzig\/wp-content\/uploads\/2017\/08\/IMG-20170829-WA0006-300x225.jpg\" alt=\"\" width=\"300\" height=\"225\" srcset=\"https:\/\/www.carzig.net\/carzig\/wp-content\/uploads\/2017\/08\/IMG-20170829-WA0006-300x225.jpg 300w, https:\/\/www.carzig.net\/carzig\/wp-content\/uploads\/2017\/08\/IMG-20170829-WA0006-768x576.jpg 768w, https:\/\/www.carzig.net\/carzig\/wp-content\/uploads\/2017\/08\/IMG-20170829-WA0006-1024x768.jpg 1024w, https:\/\/www.carzig.net\/carzig\/wp-content\/uploads\/2017\/08\/IMG-20170829-WA0006-150x113.jpg 150w, https:\/\/www.carzig.net\/carzig\/wp-content\/uploads\/2017\/08\/IMG-20170829-WA0006.jpg 1040w\" sizes=\"auto, (max-width: 300px) 100vw, 300px\" \/><\/a><\/p>\n","protected":false},"excerpt":{"rendered":"<p>Guten Abend! Friedlicher B\u00fcrgerprotest (Foto Anhang) gegen den Windwahn im Land bei einem Merkel-Wahlauftritt heute (29.08.2017) in der Stadt Brandenburg. Im RBB-Fernsehen kam davon nichts, daf\u00fcr schrilles AfD-Trillern gegen Frau Merkel in Sachsen-Anhalt. Von &#8222;gr\u00fcnen&#8220; Krawallmachern und Zerst\u00f6rern von Industrieanlagen berichtet man ebenso gern, wie von roten &#8222;Revoluzzern&#8220; die Kreuzberg\u2026<\/p>\n<p> <a class=\"continue-reading-link\" href=\"https:\/\/www.carzig.net\/carzig\/2017\/08\/31\/buergerprotest-der-vi-rettet-brandenburg-anlaesslich-wahlkampfauftritt-der-bundeskanzlerin-in-brandenburg\/\"><span>mehr lesen<\/span><i class=\"crycon-right-dir\"><\/i><\/a> <\/p>\n","protected":false},"author":1,"featured_media":0,"comment_status":"closed","ping_status":"closed","sticky":false,"template":"","format":"standard","meta":{"xn-wppe-expiration":[],"xn-wppe-expiration-action":[],"xn-wppe-expiration-prefix":[],"footnotes":""},"categories":[1,2],"tags":[26,14,61,8,60],"class_list":["post-522","post","type-post","status-publish","format-standard","hentry","category-allgemein","category-artikel","tag-an-die-politik","tag-buergerinitiative","tag-die-politik-interessiert-sich-einen-scheiss-fuer-seine-buerger","tag-forderung","tag-protest","gallery-content-unit"],"_links":{"self":[{"href":"https:\/\/www.carzig.net\/carzig\/wp-json\/wp\/v2\/posts\/522","targetHints":{"allow":["GET"]}}],"collection":[{"href":"https:\/\/www.carzig.net\/carzig\/wp-json\/wp\/v2\/posts"}],"about":[{"href":"https:\/\/www.carzig.net\/carzig\/wp-json\/wp\/v2\/types\/post"}],"author":[{"embeddable":true,"href":"https:\/\/www.carzig.net\/carzig\/wp-json\/wp\/v2\/users\/1"}],"replies":[{"embeddable":true,"href":"https:\/\/www.carzig.net\/carzig\/wp-json\/wp\/v2\/comments?post=522"}],"version-history":[{"count":2,"href":"https:\/\/www.carzig.net\/carzig\/wp-json\/wp\/v2\/posts\/522\/revisions"}],"predecessor-version":[{"id":525,"href":"https:\/\/www.carzig.net\/carzig\/wp-json\/wp\/v2\/posts\/522\/revisions\/525"}],"wp:attachment":[{"href":"https:\/\/www.carzig.net\/carzig\/wp-json\/wp\/v2\/media?parent=522"}],"wp:term":[{"taxonomy":"category","embeddable":true,"href":"https:\/\/www.carzig.net\/carzig\/wp-json\/wp\/v2\/categories?post=522"},{"taxonomy":"post_tag","embeddable":true,"href":"https:\/\/www.carzig.net\/carzig\/wp-json\/wp\/v2\/tags?post=522"}],"curies":[{"name":"wp","href":"https:\/\/api.w.org\/{rel}","templated":true}]}}