{"id":56,"date":"2017-04-08T18:11:15","date_gmt":"2017-04-08T16:11:15","guid":{"rendered":"https:\/\/www.carzig.net\/carzig\/?p=56"},"modified":"2017-04-14T16:52:40","modified_gmt":"2017-04-14T14:52:40","slug":"moz-08-04-2017-carziger-gegen-umzingelung","status":"publish","type":"post","link":"https:\/\/www.carzig.net\/carzig\/2017\/04\/08\/moz-08-04-2017-carziger-gegen-umzingelung\/","title":{"rendered":"(MOZ 08.04.2017) Carziger gegen Umzingelung"},"content":{"rendered":"<p>Fichtenh\u00f6he\/Carzig (MOZ) &#8222;Wir sind nur 70 Leute &#8211; mit denen k\u00f6nnen sie&#8217;s ja machen. Das denken die Verantwortlichen doch wohl&#8220;, emp\u00f6rte sich eine Carzigerin am Donnerstagabend in der Beratung der Fichtenh\u00f6her Gemeindevertreter. Eine Abordnung aus dem kleinen Ortsteil war gekommen, um die Abgeordneten gegen die Windparkpl\u00e4ne der Regionalen Planungsgemeinschaft Oderland-Spree zu mobilisieren.<\/p>\n<p>Um den gesamten Artikel zu lesen klicken Sie bitte <a href=\"http:\/\/www.moz.de\/artikel-ansicht\/dg\/0\/1\/1565432\" target=\"_blank\">hier.<\/a><\/p>\n<p>Quelle: M\u00e4rkische Onlinezeitung<span class=\"h4teaser upperCase\"> am <\/span><span class=\"h4teaser blue upperCase\">08.04.2017<\/span><\/p>\n","protected":false},"excerpt":{"rendered":"<p>Fichtenh\u00f6he\/Carzig (MOZ) &#8222;Wir sind nur 70 Leute &#8211; mit denen k\u00f6nnen sie&#8217;s ja machen. Das denken die Verantwortlichen doch wohl&#8220;, emp\u00f6rte sich eine Carzigerin am Donnerstagabend in der Beratung der Fichtenh\u00f6her Gemeindevertreter. Eine Abordnung aus dem kleinen Ortsteil war gekommen, um die Abgeordneten gegen die Windparkpl\u00e4ne der Regionalen Planungsgemeinschaft Oderland-Spree\u2026<\/p>\n<p> <a class=\"continue-reading-link\" href=\"https:\/\/www.carzig.net\/carzig\/2017\/04\/08\/moz-08-04-2017-carziger-gegen-umzingelung\/\"><span>mehr lesen<\/span><i class=\"crycon-right-dir\"><\/i><\/a> <\/p>\n","protected":false},"author":1,"featured_media":0,"comment_status":"closed","ping_status":"closed","sticky":false,"template":"","format":"standard","meta":{"xn-wppe-expiration":[],"xn-wppe-expiration-action":[],"xn-wppe-expiration-prefix":[],"footnotes":""},"categories":[2],"tags":[14,15,21,23,22],"class_list":["post-56","post","type-post","status-publish","format-standard","hentry","category-artikel","tag-buergerinitiative","tag-carzig","tag-moz","tag-umzingelung","tag-zeitung","gallery-content-unit"],"_links":{"self":[{"href":"https:\/\/www.carzig.net\/carzig\/wp-json\/wp\/v2\/posts\/56","targetHints":{"allow":["GET"]}}],"collection":[{"href":"https:\/\/www.carzig.net\/carzig\/wp-json\/wp\/v2\/posts"}],"about":[{"href":"https:\/\/www.carzig.net\/carzig\/wp-json\/wp\/v2\/types\/post"}],"author":[{"embeddable":true,"href":"https:\/\/www.carzig.net\/carzig\/wp-json\/wp\/v2\/users\/1"}],"replies":[{"embeddable":true,"href":"https:\/\/www.carzig.net\/carzig\/wp-json\/wp\/v2\/comments?post=56"}],"version-history":[{"count":2,"href":"https:\/\/www.carzig.net\/carzig\/wp-json\/wp\/v2\/posts\/56\/revisions"}],"predecessor-version":[{"id":62,"href":"https:\/\/www.carzig.net\/carzig\/wp-json\/wp\/v2\/posts\/56\/revisions\/62"}],"wp:attachment":[{"href":"https:\/\/www.carzig.net\/carzig\/wp-json\/wp\/v2\/media?parent=56"}],"wp:term":[{"taxonomy":"category","embeddable":true,"href":"https:\/\/www.carzig.net\/carzig\/wp-json\/wp\/v2\/categories?post=56"},{"taxonomy":"post_tag","embeddable":true,"href":"https:\/\/www.carzig.net\/carzig\/wp-json\/wp\/v2\/tags?post=56"}],"curies":[{"name":"wp","href":"https:\/\/api.w.org\/{rel}","templated":true}]}}