{"id":714,"date":"2018-04-19T21:03:58","date_gmt":"2018-04-19T19:03:58","guid":{"rendered":"https:\/\/www.carzig.net\/carzig\/?p=714"},"modified":"2018-04-19T21:03:58","modified_gmt":"2018-04-19T19:03:58","slug":"anhoerung-akzeptanz-fuer-windkraft-staerken","status":"publish","type":"post","link":"https:\/\/www.carzig.net\/carzig\/2018\/04\/19\/anhoerung-akzeptanz-fuer-windkraft-staerken\/","title":{"rendered":"Anh\u00f6rung &#8222;Akzeptanz f\u00fcr Windkraft st\u00e4rken&#8220;"},"content":{"rendered":"<p>Die f\u00fcr heute (18.04.18) angek\u00fcndigte Anh\u00f6rung zur Akzeptanz der Windkraft mit dem brandenburgischen Wirtschaftsminister und weiterer Politprominenz kann meines Erachtens als eine f\u00fcr die Gegner eines\u00a0z\u00fcgellosen Windkraftausbaus erfolgreiche Veranstaltung gewertet werden. Insofern, dass Frau Plarre (VI rettet Brandenburg) und ganz speziell ein ehrenamtlicher B\u00fcrgermeister aus OPR, die Folgen\u00a0des Windkraftausbaus f\u00fcr die Anwohner in dramatischen Beispielen schilderten und diese Thematik auch in anschlie\u00dfenden Fragerunden erneut \u201ehochkochte\u201c.\u00a0Und so vielleicht den vielen anwesenden Schreibtischt\u00e4tern doch mal den Blick aus Sicht der Betroffenen in ganzer Klarheit n\u00e4her brachte!<\/p>\n<p>Vielen Dank an Oliver Nega f\u00fcr diesen Beitrag.<\/p>\n","protected":false},"excerpt":{"rendered":"<p>Die f\u00fcr heute (18.04.18) angek\u00fcndigte Anh\u00f6rung zur Akzeptanz der Windkraft mit dem brandenburgischen Wirtschaftsminister und weiterer Politprominenz kann meines Erachtens als eine f\u00fcr die Gegner eines\u00a0z\u00fcgellosen Windkraftausbaus erfolgreiche Veranstaltung gewertet werden. Insofern, dass Frau Plarre (VI rettet Brandenburg) und ganz speziell ein ehrenamtlicher B\u00fcrgermeister aus OPR, die Folgen\u00a0des Windkraftausbaus f\u00fcr\u2026<\/p>\n<p> <a class=\"continue-reading-link\" href=\"https:\/\/www.carzig.net\/carzig\/2018\/04\/19\/anhoerung-akzeptanz-fuer-windkraft-staerken\/\"><span>mehr lesen<\/span><i class=\"crycon-right-dir\"><\/i><\/a> <\/p>\n","protected":false},"author":1,"featured_media":0,"comment_status":"closed","ping_status":"closed","sticky":false,"template":"","format":"standard","meta":{"xn-wppe-expiration":[],"xn-wppe-expiration-action":[],"xn-wppe-expiration-prefix":[],"footnotes":""},"categories":[1,2],"tags":[],"class_list":["post-714","post","type-post","status-publish","format-standard","hentry","category-allgemein","category-artikel","gallery-content-unit"],"_links":{"self":[{"href":"https:\/\/www.carzig.net\/carzig\/wp-json\/wp\/v2\/posts\/714","targetHints":{"allow":["GET"]}}],"collection":[{"href":"https:\/\/www.carzig.net\/carzig\/wp-json\/wp\/v2\/posts"}],"about":[{"href":"https:\/\/www.carzig.net\/carzig\/wp-json\/wp\/v2\/types\/post"}],"author":[{"embeddable":true,"href":"https:\/\/www.carzig.net\/carzig\/wp-json\/wp\/v2\/users\/1"}],"replies":[{"embeddable":true,"href":"https:\/\/www.carzig.net\/carzig\/wp-json\/wp\/v2\/comments?post=714"}],"version-history":[{"count":1,"href":"https:\/\/www.carzig.net\/carzig\/wp-json\/wp\/v2\/posts\/714\/revisions"}],"predecessor-version":[{"id":715,"href":"https:\/\/www.carzig.net\/carzig\/wp-json\/wp\/v2\/posts\/714\/revisions\/715"}],"wp:attachment":[{"href":"https:\/\/www.carzig.net\/carzig\/wp-json\/wp\/v2\/media?parent=714"}],"wp:term":[{"taxonomy":"category","embeddable":true,"href":"https:\/\/www.carzig.net\/carzig\/wp-json\/wp\/v2\/categories?post=714"},{"taxonomy":"post_tag","embeddable":true,"href":"https:\/\/www.carzig.net\/carzig\/wp-json\/wp\/v2\/tags?post=714"}],"curies":[{"name":"wp","href":"https:\/\/api.w.org\/{rel}","templated":true}]}}