{"id":716,"date":"2018-04-19T21:05:31","date_gmt":"2018-04-19T19:05:31","guid":{"rendered":"https:\/\/www.carzig.net\/carzig\/?p=716"},"modified":"2018-04-19T21:09:07","modified_gmt":"2018-04-19T19:09:07","slug":"bauern-bitten-um-spenden-fuer-bluehflaechen","status":"publish","type":"post","link":"https:\/\/www.carzig.net\/carzig\/2018\/04\/19\/bauern-bitten-um-spenden-fuer-bluehflaechen\/","title":{"rendered":"Bauern bitten um Spenden f\u00fcr Bl\u00fchfl\u00e4chen"},"content":{"rendered":"<p>Siehe hier:<br \/>\n<a href=\"https:\/\/www.lr-online.de\/nachrichten\/berlin\/bauern-werben-um-spenden-fuer-bluehflaechen_aid-14887725\" target=\"_blank\" rel=\"noopener\">https:\/\/www.lr-online.de\/nachrichten\/berlin\/bauern-werben-um-spenden-fuer-bluehflaechen_aid-14887725<\/a><\/p>\n<p>Nanu denke ich, was ist da los? Es gibt doch EU-Programme f\u00fcr Artenvielfalt. Dort wei\u00df man doch um die Bedeutung von Bl\u00fchfl\u00e4chen, sch\u00e4tzt sie f\u00fcr Insekten und Greifv\u00f6gel als bedeutsam und deshalb f\u00f6rderf\u00e4hig ein. Warum m\u00fcssen die Bauern Spenden sammeln?<\/p>\n<p>Ein Blick auf die Seite des Forum- Natur-Brandenburg zeigt mir, dass sich &#8222;die Brandenburger Landesregierung in dieser Frage jedoch als einziges Bundesland verweigert&#8220; und es hier keine diesbez\u00fcglichen F\u00f6rderprogramme gibt.<\/p>\n<p>Und weil ich das einfach besch\u00e4mend finde, habe ich mich mit folgendem Text an das Forum- Natur- Brandenburg gewandt. Vielleicht ein bisschen naiv? Wer sich die Mitglieder des Forum mal ansieht, ist nicht mehr entt\u00e4uscht, von der geringen Schlagkraft eines solchen Vereins. Wir kennen einige von ihnen als diejenigen, die hier Landschaftsschutz ins Leere laufen lassen, Windkraftausbau trotz Vogelsterben bef\u00fcrworten, Leute gegeneinander hetzen. Ist die N\u00e4he zur rot\/roten Regierung der Grund, warum hier butterweiches Werben um Spenden bei aufgekl\u00e4rten B\u00fcrgerInnen statt sachliche Analyse von Politikversagen betrieben wird? Ist man mehr darauf aus, die Gesch\u00e4ftsf\u00fchrerstellen zu sichern, als dem gemeinn\u00fctzigen Zielen zum Durchbruch zu verhelfen? Wir werden sehen, ob wir eine Antwort bekommen.<\/p>\n<p>Sehr geehrte Initiatoren der Spendenaktion Bl\u00fchfl\u00e4chen, wenn ich Urlaub mache, fahre ich in andere Bundesl\u00e4nder und arbeite bei befreundeten Bauern in der Landwirtschaft mit. Unter anderem z\u00e4hle ich Pflanzen, weil es dort Programme f\u00fcr Diversit\u00e4t gibt. Das sind EU- Programme, die in den Bundesl\u00e4ndern publik gemacht werden und deren Anwendung den Bauern ans Herz gelegt wird. Daf\u00fcr gibt es Workshops und Infomaterial.<br \/>\nSollte ein derart honorig besetzter gemeinn\u00fctziger Verein wie das Forum Natur nicht etwas mehr erreichen k\u00f6nnen als eine Spendenaktion mit abnehmender Teilnehmerschaft zu organisieren? Wird es nicht hohe Zeit, der rot\/roten Regierung mit klaren Forderungen nach brandenburgischer Umsetzung von F\u00f6rderprogrammen entgegenzutreten? Schutz und Erhalt der Artenvielfalt wird EU- weit gef\u00f6rdert. Jedes Bundesland hat eine spezifische Umsetzung und Brandenburg? Warum skandalisieren Sie diesen Fakt nicht?<br \/>\nSteht FN eine N\u00e4he zur Regierung im Wege? Eine Abh\u00e4ngigkeit von F\u00f6rdermitteln f\u00fcr die institutionelle Erhaltung eines Feigenblattes?<br \/>\nSo sehr mich bl\u00fchende Wiesen begeistern, Politikversagen und Verwaltungsausfall k\u00f6nnen nicht mit Spenden geheilt werden. Ein Verein, der sich mit den von Ihnen postulierten satzungsgem\u00e4ssen Zielen verkn\u00fcpft, m\u00fcsste sich an die Spitze stellen, die \u00d6ffentlichkeit sensibilisieren und Forderungen aufmachen an die politisch Verantwortlichen.<br \/>\nViele w\u00fcrden Sie unterst\u00fctzen.<\/p>\n<p>Danke f\u00fcr eine Reaktion.<br \/>\nMit freundlichen Gr\u00fc\u00dfen<br \/>\nKatrin Stoll-Hellert<\/p>\n","protected":false},"excerpt":{"rendered":"<p>Siehe hier: https:\/\/www.lr-online.de\/nachrichten\/berlin\/bauern-werben-um-spenden-fuer-bluehflaechen_aid-14887725 Nanu denke ich, was ist da los? Es gibt doch EU-Programme f\u00fcr Artenvielfalt. Dort wei\u00df man doch um die Bedeutung von Bl\u00fchfl\u00e4chen, sch\u00e4tzt sie f\u00fcr Insekten und Greifv\u00f6gel als bedeutsam und deshalb f\u00f6rderf\u00e4hig ein. Warum m\u00fcssen die Bauern Spenden sammeln? Ein Blick auf die Seite des Forum-\u2026<\/p>\n<p> <a class=\"continue-reading-link\" href=\"https:\/\/www.carzig.net\/carzig\/2018\/04\/19\/bauern-bitten-um-spenden-fuer-bluehflaechen\/\"><span>mehr lesen<\/span><i class=\"crycon-right-dir\"><\/i><\/a> <\/p>\n","protected":false},"author":1,"featured_media":0,"comment_status":"closed","ping_status":"closed","sticky":false,"template":"","format":"standard","meta":{"xn-wppe-expiration":[],"xn-wppe-expiration-action":[],"xn-wppe-expiration-prefix":[],"footnotes":""},"categories":[1,2],"tags":[],"class_list":["post-716","post","type-post","status-publish","format-standard","hentry","category-allgemein","category-artikel","gallery-content-unit"],"_links":{"self":[{"href":"https:\/\/www.carzig.net\/carzig\/wp-json\/wp\/v2\/posts\/716","targetHints":{"allow":["GET"]}}],"collection":[{"href":"https:\/\/www.carzig.net\/carzig\/wp-json\/wp\/v2\/posts"}],"about":[{"href":"https:\/\/www.carzig.net\/carzig\/wp-json\/wp\/v2\/types\/post"}],"author":[{"embeddable":true,"href":"https:\/\/www.carzig.net\/carzig\/wp-json\/wp\/v2\/users\/1"}],"replies":[{"embeddable":true,"href":"https:\/\/www.carzig.net\/carzig\/wp-json\/wp\/v2\/comments?post=716"}],"version-history":[{"count":1,"href":"https:\/\/www.carzig.net\/carzig\/wp-json\/wp\/v2\/posts\/716\/revisions"}],"predecessor-version":[{"id":717,"href":"https:\/\/www.carzig.net\/carzig\/wp-json\/wp\/v2\/posts\/716\/revisions\/717"}],"wp:attachment":[{"href":"https:\/\/www.carzig.net\/carzig\/wp-json\/wp\/v2\/media?parent=716"}],"wp:term":[{"taxonomy":"category","embeddable":true,"href":"https:\/\/www.carzig.net\/carzig\/wp-json\/wp\/v2\/categories?post=716"},{"taxonomy":"post_tag","embeddable":true,"href":"https:\/\/www.carzig.net\/carzig\/wp-json\/wp\/v2\/tags?post=716"}],"curies":[{"name":"wp","href":"https:\/\/api.w.org\/{rel}","templated":true}]}}